{"id":3588,"date":"2016-04-02T18:09:12","date_gmt":"2016-04-02T16:09:12","guid":{"rendered":"http:\/\/diablofans.ddev.site\/d2\/prave-pro-diablo-ii-vysla-cestina-i-s-dabingem\/"},"modified":"2018-09-19T19:02:16","modified_gmt":"2018-09-19T17:02:16","slug":"prave-pro-diablo-ii-vysla-cestina-i-s-dabingem","status":"publish","type":"post","link":"https:\/\/www.diablofans.cz\/d2\/prave-pro-diablo-ii-vysla-cestina-i-s-dabingem\/","title":{"rendered":"Pr\u00e1v\u011b pro Diablo II vy\u0161la \u010de\u0161tina i s dabingem"},"content":{"rendered":"<p><img loading=\"lazy\" decoding=\"async\" class=\"img-left\" src=\"https:\/\/www.diablofans.cz\/d2\/wp-content\/uploads\/2018\/08\/hlava.png\" alt=\"hlava\" width=\"75\" height=\"66\" \/> P\u0159ekladatelsk\u00e1 a dab\u00e9rsk\u00e1 skupina F\u00c9NIX ProDabing dokon\u010dila ozvu\u010den\u00ed Diabla II v \u010desk\u00e9m jazyce! Pokud m\u00e1te nainstalovanou verzi 1.07, m\u016f\u017eete ji vyzkou\u0161et ihned na <a href=\"http:\/\/www.fenixprodabing.cz\/projekt\/diablo2\">t\u00e9to adrese<\/a> a zda funguje i na jin\u00fdch patch\u00edch, bude pot\u0159eba otestovat. Dab\u00e9r\u016fm t\u00edmto d\u011bkujeme!<\/p>\n<p><!-- by Texy2! --><\/p>\n<p><!--more--><\/p>\n<p>Doporu\u010dujeme v\u011bnovat pozornost popisu instala\u010dky. V l\u00e9t\u011b se chyst\u00e1 opravn\u00fd patch, kde budou vychyt\u00e1ny n\u011bkter\u00e9 mouchy. Mo\u017en\u00e1 bude v \u0159e\u0161en\u00ed i mo\u017enost zahr\u00e1t si bez pot\u00ed\u017e\u00ed \u010desky nadabovan\u00e9 Diablo II i na aktu\u00e1ln\u00edm patchi 1.14, nebo na prov\u011b\u0159en\u00e9m 1.13.<\/p>\n","protected":false},"excerpt":{"rendered":"<p>P\u0159ekladatelsk\u00e1 a dab\u00e9rsk\u00e1 skupina F\u00c9NIX ProDabing dokon\u010dila ozvu\u010den\u00ed Diabla II v \u010desk\u00e9m jazyce! Pokud m\u00e1te nainstalovanou verzi 1.07, m\u016f\u017eete ji vyzkou\u0161et ihned na t\u00e9to adrese a zda funguje i na jin\u00fdch patch\u00edch, bude pot\u0159eba otestovat. Dab\u00e9r\u016fm t\u00edmto d\u011bkujeme! [&#8230;]<\/p>\n<p><a class=\"btn btn-secondary understrap-read-more-link\" href=\"https:\/\/www.diablofans.cz\/d2\/prave-pro-diablo-ii-vysla-cestina-i-s-dabingem\/\">\u010c\u00edst d\u00e1le&#8230;<span class=\"screen-reader-text\"> from Pr\u00e1v\u011b pro Diablo II vy\u0161la \u010de\u0161tina i s dabingem<\/span><\/a><\/p>\n","protected":false},"author":44,"featured_media":0,"comment_status":"open","ping_status":"open","sticky":false,"template":"","format":"standard","meta":{"footnotes":""},"categories":[1],"tags":[],"class_list":["post-3588","post","type-post","status-publish","format-standard","hentry","category-nezarazene"],"_links":{"self":[{"href":"https:\/\/www.diablofans.cz\/d2\/wp-json\/wp\/v2\/posts\/3588","targetHints":{"allow":["GET"]}}],"collection":[{"href":"https:\/\/www.diablofans.cz\/d2\/wp-json\/wp\/v2\/posts"}],"about":[{"href":"https:\/\/www.diablofans.cz\/d2\/wp-json\/wp\/v2\/types\/post"}],"author":[{"embeddable":true,"href":"https:\/\/www.diablofans.cz\/d2\/wp-json\/wp\/v2\/users\/44"}],"replies":[{"embeddable":true,"href":"https:\/\/www.diablofans.cz\/d2\/wp-json\/wp\/v2\/comments?post=3588"}],"version-history":[{"count":6,"href":"https:\/\/www.diablofans.cz\/d2\/wp-json\/wp\/v2\/posts\/3588\/revisions"}],"predecessor-version":[{"id":3747,"href":"https:\/\/www.diablofans.cz\/d2\/wp-json\/wp\/v2\/posts\/3588\/revisions\/3747"}],"wp:attachment":[{"href":"https:\/\/www.diablofans.cz\/d2\/wp-json\/wp\/v2\/media?parent=3588"}],"wp:term":[{"taxonomy":"category","embeddable":true,"href":"https:\/\/www.diablofans.cz\/d2\/wp-json\/wp\/v2\/categories?post=3588"},{"taxonomy":"post_tag","embeddable":true,"href":"https:\/\/www.diablofans.cz\/d2\/wp-json\/wp\/v2\/tags?post=3588"}],"curies":[{"name":"wp","href":"https:\/\/api.w.org\/{rel}","templated":true}]}}